{"id":867,"date":"2025-06-23T16:16:30","date_gmt":"2025-06-23T19:16:30","guid":{"rendered":"https:\/\/rosendo.adv.br\/?p=867"},"modified":"2025-06-23T16:16:30","modified_gmt":"2025-06-23T19:16:30","slug":"pensao-alimenticia-para-filhos-menores-quem-deve-pagar-quempode-receber-e-como-requerer","status":"publish","type":"post","link":"https:\/\/rosendo.adv.br\/?p=867","title":{"rendered":"Pens\u00e3o Aliment\u00edcia para Filhos Menores: Quem Deve Pagar, QuemPode Receber e Como Requerer"},"content":{"rendered":"\n<p>Pens\u00e3o Aliment\u00edcia para Filhos Menores: Quem Deve Pagar, Quem<br>Pode Receber e Como Requerer<\/p>\n\n\n\n<p>Quem deve pagar pens\u00e3o aliment\u00edcia?<br>A obriga\u00e7\u00e3o de pagar pens\u00e3o aliment\u00edcia est\u00e1 baseada no princ\u00edpio do dever de sustento previsto no<br>C\u00f3digo Civil e no Estatuto da Crian\u00e7a e do Adolescente (ECA). Veja quem s\u00e3o os respons\u00e1veis<br>legais:<\/p>\n\n\n\n<ol class=\"wp-block-list\">\n<li>Pais biol\u00f3gicos ou adotivos:<\/li>\n<\/ol>\n\n\n\n<ul class=\"wp-block-list\">\n<li>A responsabilidade principal recai sobre os pais da crian\u00e7a ou adolescente, sejam eles casados,<br>separados, divorciados ou mesmo nunca tenham convivido. Mesmo quando um dos pais n\u00e3o convive com o<br>filho, o dever de sustento permanece vigente.<\/li>\n\n\n\n<li>O pagamento da pens\u00e3o \u00e9, em geral, exigido daquele que n\u00e3o det\u00e9m a guarda do filho.<\/li>\n<\/ul>\n\n\n\n<ol class=\"wp-block-list\">\n<li>Possibilidade de cobran\u00e7a dos av\u00f3s (obriga\u00e7\u00e3o avoenga):<\/li>\n<\/ol>\n\n\n\n<ul class=\"wp-block-list\">\n<li>Em casos excepcionais, se os pais n\u00e3o t\u00eam condi\u00e7\u00f5es financeiras, os av\u00f3s paternos ou maternos<br>podem ser chamados a contribuir. Essa obriga\u00e7\u00e3o \u00e9 subsidi\u00e1ria, ou seja, s\u00f3 \u00e9 acionada quando os<br>pais n\u00e3o podem cumprir com o dever alimentar.<\/li>\n<\/ul>\n\n\n\n<p>Quem pode receber a pens\u00e3o?<\/p>\n\n\n\n<ol class=\"wp-block-list\">\n<li>Filhos menores de idade:<\/li>\n<\/ol>\n\n\n\n<ul class=\"wp-block-list\">\n<li>A pens\u00e3o \u00e9 destinada aos filhos menores de 18 anos, pois s\u00e3o legalmente considerados<br>incapazes de prover seu pr\u00f3prio sustento.<\/li>\n<\/ul>\n\n\n\n<ol class=\"wp-block-list\">\n<li>Representa\u00e7\u00e3o legal:<\/li>\n<\/ol>\n\n\n\n<ul class=\"wp-block-list\">\n<li>O menor n\u00e3o pode entrar com a\u00e7\u00e3o judicial sozinho. O pedido deve ser feito por: a m\u00e3e, o pai com<br>a guarda, outro respons\u00e1vel legal ou o Minist\u00e9rio P\u00fablico em casos espec\u00edficos.<\/li>\n<\/ul>\n\n\n\n<p>Requisitos para solicitar pens\u00e3o aliment\u00edcia<br>Documentos b\u00e1sicos:<\/p>\n\n\n\n<ul class=\"wp-block-list\">\n<li>Certid\u00e3o de nascimento do menor<\/li>\n\n\n\n<li>Documento de identidade e CPF do respons\u00e1vel<\/li>\n\n\n\n<li>Comprovante de resid\u00eancia<\/li>\n\n\n\n<li>Comprova\u00e7\u00e3o das necessidades do menor<\/li>\n\n\n\n<li>Comprovante de renda do respons\u00e1vel pelo pagamento<br>Crit\u00e9rios:<\/li>\n\n\n\n<li>Necessidade de quem recebe x Possibilidade de quem paga<br>Como requerer a pens\u00e3o aliment\u00edcia<\/li>\n<\/ul>\n\n\n\n<ol class=\"wp-block-list\">\n<li>Via extrajudicial:<\/li>\n<\/ol>\n\n\n\n<ul class=\"wp-block-list\">\n<li>Acordo formalizado com advogado em cart\u00f3rio e posteriormente homologado.<\/li>\n<\/ul>\n\n\n\n<ol class=\"wp-block-list\">\n<li>Via judicial:<\/li>\n<\/ol>\n\n\n\n<ul class=\"wp-block-list\">\n<li>A\u00e7\u00e3o de alimentos na Vara de Fam\u00edlia, com possibilidade de alimentos provis\u00f3rios.<\/li>\n\n\n\n<li>O Minist\u00e9rio P\u00fablico atua obrigatoriamente para proteger os interesses do menor.<\/li>\n<\/ul>\n\n\n\n<ol class=\"wp-block-list\">\n<li>Gratuidade da Justi\u00e7a:<\/li>\n<\/ol>\n\n\n\n<ul class=\"wp-block-list\">\n<li>Pode ser solicitada por quem n\u00e3o tem condi\u00e7\u00f5es financeiras, com apoio da Defensoria P\u00fablica.<br>Conclus\u00e3o<br>A pens\u00e3o aliment\u00edcia \u00e9 um direito garantido por lei e um dever dos pais, independentemente da<br>situa\u00e7\u00e3o conjugal. Seja por acordo ou por a\u00e7\u00e3o judicial, o mais importante \u00e9 garantir que o menor<br>receba o suporte necess\u00e1rio para crescer com dignidade.<\/li>\n<\/ul>\n","protected":false},"excerpt":{"rendered":"<p>Pens\u00e3o Aliment\u00edcia para Filhos Menores: Quem Deve Pagar, QuemPode Receber e Como Requerer Quem deve pagar pens\u00e3o aliment\u00edcia?A obriga\u00e7\u00e3o de pagar pens\u00e3o aliment\u00edcia est\u00e1 baseada no princ\u00edpio do dever de sustento previsto noC\u00f3digo Civil e no Estatuto da Crian\u00e7a e do Adolescente (ECA). Veja quem s\u00e3o os respons\u00e1veislegais: Quem pode receber a pens\u00e3o? Requisitos para [&hellip;]<\/p>\n","protected":false},"author":1,"featured_media":0,"comment_status":"open","ping_status":"open","sticky":false,"template":"","format":"standard","meta":{"_joinchat":[],"footnotes":""},"categories":[1],"tags":[],"class_list":["post-867","post","type-post","status-publish","format-standard","hentry","category-blog","entry"],"_links":{"self":[{"href":"https:\/\/rosendo.adv.br\/index.php?rest_route=\/wp\/v2\/posts\/867","targetHints":{"allow":["GET"]}}],"collection":[{"href":"https:\/\/rosendo.adv.br\/index.php?rest_route=\/wp\/v2\/posts"}],"about":[{"href":"https:\/\/rosendo.adv.br\/index.php?rest_route=\/wp\/v2\/types\/post"}],"author":[{"embeddable":true,"href":"https:\/\/rosendo.adv.br\/index.php?rest_route=\/wp\/v2\/users\/1"}],"replies":[{"embeddable":true,"href":"https:\/\/rosendo.adv.br\/index.php?rest_route=%2Fwp%2Fv2%2Fcomments&post=867"}],"version-history":[{"count":1,"href":"https:\/\/rosendo.adv.br\/index.php?rest_route=\/wp\/v2\/posts\/867\/revisions"}],"predecessor-version":[{"id":868,"href":"https:\/\/rosendo.adv.br\/index.php?rest_route=\/wp\/v2\/posts\/867\/revisions\/868"}],"wp:attachment":[{"href":"https:\/\/rosendo.adv.br\/index.php?rest_route=%2Fwp%2Fv2%2Fmedia&parent=867"}],"wp:term":[{"taxonomy":"category","embeddable":true,"href":"https:\/\/rosendo.adv.br\/index.php?rest_route=%2Fwp%2Fv2%2Fcategories&post=867"},{"taxonomy":"post_tag","embeddable":true,"href":"https:\/\/rosendo.adv.br\/index.php?rest_route=%2Fwp%2Fv2%2Ftags&post=867"}],"curies":[{"name":"wp","href":"https:\/\/api.w.org\/{rel}","templated":true}]}}